{"id":632,"date":"2020-01-01T12:49:53","date_gmt":"2020-01-01T10:49:53","guid":{"rendered":"https:\/\/cesyt.nexus5.com\/?p=632"},"modified":"2021-10-27T01:11:54","modified_gmt":"2021-10-26T23:11:54","slug":"proyecto-plan-de-ecologizacion-de-zaragoza","status":"publish","type":"post","link":"https:\/\/www.cesyt.es\/index.php\/2020\/01\/01\/proyecto-plan-de-ecologizacion-de-zaragoza\/","title":{"rendered":"PROYECTO: Plan de Ecologizaci\u00f3n de Zaragoza"},"content":{"rendered":"<p>[et_pb_section fb_built=\u00bb1&#8243; _builder_version=\u00bb4.9.11&#8243; _module_preset=\u00bbdefault\u00bb custom_padding=\u00bb18px||14px|||\u00bb da_disable_devices=\u00bboff|off|off\u00bb global_colors_info=\u00bb{}\u00bb da_is_popup=\u00bboff\u00bb da_exit_intent=\u00bboff\u00bb da_has_close=\u00bbon\u00bb da_alt_close=\u00bboff\u00bb da_dark_close=\u00bboff\u00bb da_not_modal=\u00bbon\u00bb da_is_singular=\u00bboff\u00bb da_with_loader=\u00bboff\u00bb da_has_shadow=\u00bbon\u00bb][et_pb_row _builder_version=\u00bb4.10.6&#8243; _module_preset=\u00bbdefault\u00bb custom_padding=\u00bb||40px|||\u00bb locked=\u00bboff\u00bb global_colors_info=\u00bb{}\u00bb][et_pb_column type=\u00bb4_4&#8243; _builder_version=\u00bb4.10.6&#8243; _module_preset=\u00bbdefault\u00bb global_colors_info=\u00bb{}\u00bb][et_pb_text _builder_version=\u00bb4.10.6&#8243; _module_preset=\u00bbdefault\u00bb text_font=\u00bbABeeZee|||on|||||\u00bb text_font_size=\u00bb29px\u00bb text_line_height=\u00bb1.8em\u00bb text_orientation=\u00bbcenter\u00bb global_colors_info=\u00bb{}\u00bb]<\/p>\n<p>PROYECTO: Plan de Ecologizaci\u00f3n de Zaragoza<\/p>\n<p>[\/et_pb_text][\/et_pb_column][\/et_pb_row][et_pb_row column_structure=\u00bb1_2,1_2&#8243; _builder_version=\u00bb4.9.7&#8243; _module_preset=\u00bbdefault\u00bb custom_margin=\u00bb1px|auto|5px|auto||\u00bb custom_padding=\u00bb12px||20px|||\u00bb locked=\u00bboff\u00bb global_colors_info=\u00bb{}\u00bb][et_pb_column type=\u00bb1_2&#8243; _builder_version=\u00bb4.9.7&#8243; _module_preset=\u00bbdefault\u00bb global_colors_info=\u00bb{}\u00bb][et_pb_blurb title=\u00bbCliente\u00bb use_icon=\u00bbon\u00bb font_icon=\u00bb%%258%%\u00bb icon_color=\u00bb#c9c9c9&#8243; icon_placement=\u00bbleft\u00bb _builder_version=\u00bb4.10.6&#8243; _module_preset=\u00bbdefault\u00bb header_font=\u00bb|||on|||||\u00bb header_line_height=\u00bb1.9em\u00bb body_text_align=\u00bbjustify\u00bb body_font_size=\u00bb15px\u00bb body_line_height=\u00bb1.9em\u00bb global_colors_info=\u00bb{}\u00bb]<\/p>\n<p><a href=\"https:\/\/www.zaragoza.es\/sede\/\" target=\"_blank\" rel=\"noopener\">Ayuntamiento de Zaragoza<\/a><\/p>\n<p>[\/et_pb_blurb][et_pb_gallery gallery_ids=\u00bb2607&#8243; fullwidth=\u00bbon\u00bb _builder_version=\u00bb4.11.3&#8243; _module_preset=\u00bbdefault\u00bb hover_enabled=\u00bb0&#8243; box_shadow_style=\u00bbpreset4&#8243; global_colors_info=\u00bb{}\u00bb sticky_enabled=\u00bb0&#8243;][\/et_pb_gallery][\/et_pb_column][et_pb_column type=\u00bb1_2&#8243; _builder_version=\u00bb4.9.7&#8243; _module_preset=\u00bbdefault\u00bb global_colors_info=\u00bb{}\u00bb][et_pb_blurb title=\u00bbObjetivo de los trabajos\u00bb use_icon=\u00bbon\u00bb font_icon=\u00bb%%103%%\u00bb icon_color=\u00bb#c9c9c9&#8243; icon_placement=\u00bbleft\u00bb _builder_version=\u00bb4.10.6&#8243; _module_preset=\u00bbdefault\u00bb header_font=\u00bb|||on|||||\u00bb header_line_height=\u00bb1.9em\u00bb body_text_align=\u00bbjustify\u00bb body_font_size=\u00bb15px\u00bb body_line_height=\u00bb1.9em\u00bb global_colors_info=\u00bb{}\u00bb]<\/p>\n<p>Los Planes de Ecologizaci\u00f3n se establecen en la Estrategia de la Uni\u00f3n Europea de Biodiversidad de aqu\u00ed a 2030. En ella, se hace un llamamiento a las ciudades de m\u00e1s de 20.000 habitantes para que redacten planes que incluyan medidas para crear bosques urbanos, parques y jardines accesibles y ricos en biodiversidad; granjas urbanas; muros y cubiertas verdes; calles arboladas; praderas y setos urbanos, a su conexi\u00f3n y a un mantenimiento sostenible.<\/p>\n<p>[\/et_pb_blurb][et_pb_blurb title=\u00bbDescripci\u00f3n de los trabajos\u00bb use_icon=\u00bbon\u00bb font_icon=\u00bb%%72%%\u00bb icon_color=\u00bb#c9c9c9&#8243; icon_placement=\u00bbleft\u00bb _builder_version=\u00bb4.10.6&#8243; _module_preset=\u00bbdefault\u00bb header_font=\u00bb|||on|||||\u00bb header_line_height=\u00bb1.9em\u00bb body_text_align=\u00bbjustify\u00bb body_font_size=\u00bb15px\u00bb body_line_height=\u00bb1.9em\u00bb global_colors_info=\u00bb{}\u00bb]<\/p>\n<p>El Ayuntamiento de Zaragoza apuesta por este plan y, para ello, se realiza una contextualizaci\u00f3n de la ciudad en el marco de la Ecologizaci\u00f3n Urbana, una caracterizaci\u00f3n socioambiental del municipio y un diagn\u00f3stico de la ciudad, una localizaci\u00f3n de espacios que ya forman parte del verde urbano y de aquellos susceptibles de ecologizar. Por \u00faltimo, se redactan unos objetivos estrat\u00e9gicos y unas l\u00edneas directrices que rijan la ecologizaci\u00f3n del municipio y se plantea una propuesta de gobernanza para la implementaci\u00f3n del plan.<\/p>\n<p>[\/et_pb_blurb][\/et_pb_column][\/et_pb_row][\/et_pb_section]<\/p>\n","protected":false},"excerpt":{"rendered":"<p>PROYECTO: Plan de Ecologizaci\u00f3n de ZaragozaAyuntamiento de ZaragozaLos Planes de Ecologizaci\u00f3n se establecen en la Estrategia de la Uni\u00f3n Europea de Biodiversidad de aqu\u00ed a 2030. En ella, se hace un llamamiento a las ciudades de m\u00e1s de 20.000 habitantes para que redacten planes que incluyan medidas para crear bosques urbanos, parques y jardines accesibles [&hellip;]<\/p>\n","protected":false},"author":2,"featured_media":2607,"comment_status":"closed","ping_status":"closed","sticky":false,"template":"","format":"standard","meta":{"_et_pb_use_builder":"on","_et_pb_old_content":"<!-- wp:paragraph -->\n<p>Bienvenido a WordPress. Esta es tu primera entrada. Ed\u00edtala o b\u00f3rrala, \u00a1luego empieza a escribir!<\/p>\n<!-- \/wp:paragraph -->","_et_gb_content_width":"2880","footnotes":""},"categories":[12],"tags":[],"class_list":["post-632","post","type-post","status-publish","format-standard","has-post-thumbnail","hentry","category-planes-de-ecologizacion"],"yoast_head":"<!-- This site is optimized with the Yoast SEO plugin v27.1.1 - https:\/\/yoast.com\/product\/yoast-seo-wordpress\/ -->\n<title>PROYECTO: Plan de Ecologizaci\u00f3n de Zaragoza<\/title>\n<meta name=\"robots\" content=\"index, follow, max-snippet:-1, max-image-preview:large, max-video-preview:-1\" \/>\n<link rel=\"canonical\" href=\"https:\/\/www.cesyt.es\/index.php\/2020\/01\/01\/proyecto-plan-de-ecologizacion-de-zaragoza\/\" \/>\n<meta property=\"og:locale\" content=\"es_ES\" \/>\n<meta property=\"og:type\" content=\"article\" \/>\n<meta property=\"og:title\" content=\"PROYECTO: Plan de Ecologizaci\u00f3n de Zaragoza\" \/>\n<meta property=\"og:description\" content=\"PROYECTO: Plan de Ecologizaci\u00f3n de ZaragozaAyuntamiento de ZaragozaLos Planes de Ecologizaci\u00f3n se establecen en la Estrategia de la Uni\u00f3n Europea de Biodiversidad de aqu\u00ed a 2030. En ella, se hace un llamamiento a las ciudades de m\u00e1s de 20.000 habitantes para que redacten planes que incluyan medidas para crear bosques urbanos, parques y jardines accesibles [&hellip;]\" \/>\n<meta property=\"og:url\" content=\"https:\/\/www.cesyt.es\/index.php\/2020\/01\/01\/proyecto-plan-de-ecologizacion-de-zaragoza\/\" \/>\n<meta property=\"og:site_name\" content=\"CESYT\" \/>\n<meta property=\"article:published_time\" content=\"2020-01-01T10:49:53+00:00\" \/>\n<meta property=\"article:modified_time\" content=\"2021-10-26T23:11:54+00:00\" \/>\n<meta property=\"og:image\" content=\"https:\/\/www.cesyt.es\/wp-content\/uploads\/2020\/01\/saragossa-426375_640.jpg\" \/>\n\t<meta property=\"og:image:width\" content=\"640\" \/>\n\t<meta property=\"og:image:height\" content=\"379\" \/>\n\t<meta property=\"og:image:type\" content=\"image\/jpeg\" \/>\n<meta name=\"author\" content=\"Laura Mu\u00f1oz\" \/>\n<meta name=\"twitter:card\" content=\"summary_large_image\" \/>\n<meta name=\"twitter:label1\" content=\"Escrito por\" \/>\n\t<meta name=\"twitter:data1\" content=\"Laura Mu\u00f1oz\" \/>\n\t<meta name=\"twitter:label2\" content=\"Tiempo de lectura\" \/>\n\t<meta name=\"twitter:data2\" content=\"3 minutos\" \/>\n<script type=\"application\/ld+json\" class=\"yoast-schema-graph\">{\"@context\":\"https:\/\/schema.org\",\"@graph\":[{\"@type\":\"Article\",\"@id\":\"https:\/\/www.cesyt.es\/index.php\/2020\/01\/01\/proyecto-plan-de-ecologizacion-de-zaragoza\/#article\",\"isPartOf\":{\"@id\":\"https:\/\/www.cesyt.es\/index.php\/2020\/01\/01\/proyecto-plan-de-ecologizacion-de-zaragoza\/\"},\"author\":{\"name\":\"Laura Mu\u00f1oz\",\"@id\":\"https:\/\/www.cesyt.es\/#\/schema\/person\/e10a597a2a5d21ddd24a12a8344f20d7\"},\"headline\":\"PROYECTO: Plan de Ecologizaci\u00f3n de Zaragoza\",\"datePublished\":\"2020-01-01T10:49:53+00:00\",\"dateModified\":\"2021-10-26T23:11:54+00:00\",\"mainEntityOfPage\":{\"@id\":\"https:\/\/www.cesyt.es\/index.php\/2020\/01\/01\/proyecto-plan-de-ecologizacion-de-zaragoza\/\"},\"wordCount\":542,\"publisher\":{\"@id\":\"https:\/\/www.cesyt.es\/#organization\"},\"image\":{\"@id\":\"https:\/\/www.cesyt.es\/index.php\/2020\/01\/01\/proyecto-plan-de-ecologizacion-de-zaragoza\/#primaryimage\"},\"thumbnailUrl\":\"https:\/\/www.cesyt.es\/wp-content\/uploads\/2020\/01\/saragossa-426375_640.jpg\",\"articleSection\":[\"Planes de Ecologizaci\u00f3n\"],\"inLanguage\":\"es\"},{\"@type\":\"WebPage\",\"@id\":\"https:\/\/www.cesyt.es\/index.php\/2020\/01\/01\/proyecto-plan-de-ecologizacion-de-zaragoza\/\",\"url\":\"https:\/\/www.cesyt.es\/index.php\/2020\/01\/01\/proyecto-plan-de-ecologizacion-de-zaragoza\/\",\"name\":\"PROYECTO: Plan de Ecologizaci\u00f3n de Zaragoza\",\"isPartOf\":{\"@id\":\"https:\/\/www.cesyt.es\/#website\"},\"primaryImageOfPage\":{\"@id\":\"https:\/\/www.cesyt.es\/index.php\/2020\/01\/01\/proyecto-plan-de-ecologizacion-de-zaragoza\/#primaryimage\"},\"image\":{\"@id\":\"https:\/\/www.cesyt.es\/index.php\/2020\/01\/01\/proyecto-plan-de-ecologizacion-de-zaragoza\/#primaryimage\"},\"thumbnailUrl\":\"https:\/\/www.cesyt.es\/wp-content\/uploads\/2020\/01\/saragossa-426375_640.jpg\",\"datePublished\":\"2020-01-01T10:49:53+00:00\",\"dateModified\":\"2021-10-26T23:11:54+00:00\",\"breadcrumb\":{\"@id\":\"https:\/\/www.cesyt.es\/index.php\/2020\/01\/01\/proyecto-plan-de-ecologizacion-de-zaragoza\/#breadcrumb\"},\"inLanguage\":\"es\",\"potentialAction\":[{\"@type\":\"ReadAction\",\"target\":[\"https:\/\/www.cesyt.es\/index.php\/2020\/01\/01\/proyecto-plan-de-ecologizacion-de-zaragoza\/\"]}]},{\"@type\":\"ImageObject\",\"inLanguage\":\"es\",\"@id\":\"https:\/\/www.cesyt.es\/index.php\/2020\/01\/01\/proyecto-plan-de-ecologizacion-de-zaragoza\/#primaryimage\",\"url\":\"https:\/\/www.cesyt.es\/wp-content\/uploads\/2020\/01\/saragossa-426375_640.jpg\",\"contentUrl\":\"https:\/\/www.cesyt.es\/wp-content\/uploads\/2020\/01\/saragossa-426375_640.jpg\",\"width\":640,\"height\":379},{\"@type\":\"BreadcrumbList\",\"@id\":\"https:\/\/www.cesyt.es\/index.php\/2020\/01\/01\/proyecto-plan-de-ecologizacion-de-zaragoza\/#breadcrumb\",\"itemListElement\":[{\"@type\":\"ListItem\",\"position\":1,\"name\":\"Portada\",\"item\":\"https:\/\/www.cesyt.es\/\"},{\"@type\":\"ListItem\",\"position\":2,\"name\":\"PROYECTO: Plan de Ecologizaci\u00f3n de Zaragoza\"}]},{\"@type\":\"WebSite\",\"@id\":\"https:\/\/www.cesyt.es\/#website\",\"url\":\"https:\/\/www.cesyt.es\/\",\"name\":\"CESYT - Salud Urbana\",\"description\":\"Salud Urbana\",\"publisher\":{\"@id\":\"https:\/\/www.cesyt.es\/#organization\"},\"potentialAction\":[{\"@type\":\"SearchAction\",\"target\":{\"@type\":\"EntryPoint\",\"urlTemplate\":\"https:\/\/www.cesyt.es\/?s={search_term_string}\"},\"query-input\":{\"@type\":\"PropertyValueSpecification\",\"valueRequired\":true,\"valueName\":\"search_term_string\"}}],\"inLanguage\":\"es\"},{\"@type\":\"Organization\",\"@id\":\"https:\/\/www.cesyt.es\/#organization\",\"name\":\"CESYT - Salud urbana\",\"url\":\"https:\/\/www.cesyt.es\/\",\"logo\":{\"@type\":\"ImageObject\",\"inLanguage\":\"es\",\"@id\":\"https:\/\/www.cesyt.es\/#\/schema\/logo\/image\/\",\"url\":\"https:\/\/cesyt.es\/wp-content\/uploads\/2021\/07\/Positivo-SC.png\",\"contentUrl\":\"https:\/\/cesyt.es\/wp-content\/uploads\/2021\/07\/Positivo-SC.png\",\"width\":2008,\"height\":1654,\"caption\":\"CESYT - Salud urbana\"},\"image\":{\"@id\":\"https:\/\/www.cesyt.es\/#\/schema\/logo\/image\/\"}},{\"@type\":\"Person\",\"@id\":\"https:\/\/www.cesyt.es\/#\/schema\/person\/e10a597a2a5d21ddd24a12a8344f20d7\",\"name\":\"Laura Mu\u00f1oz\",\"image\":{\"@type\":\"ImageObject\",\"inLanguage\":\"es\",\"@id\":\"https:\/\/www.cesyt.es\/#\/schema\/person\/image\/\",\"url\":\"https:\/\/secure.gravatar.com\/avatar\/931cb56fb3d87516aade4c48218b5dda3d554018a6167805ec899c84be6d9e0a?s=96&d=mm&r=g\",\"contentUrl\":\"https:\/\/secure.gravatar.com\/avatar\/931cb56fb3d87516aade4c48218b5dda3d554018a6167805ec899c84be6d9e0a?s=96&d=mm&r=g\",\"caption\":\"Laura Mu\u00f1oz\"},\"sameAs\":[\"https:\/\/tlcsistemas.com\/\"]}]}<\/script>\n<!-- \/ Yoast SEO plugin. -->","yoast_head_json":{"title":"PROYECTO: Plan de Ecologizaci\u00f3n de Zaragoza","robots":{"index":"index","follow":"follow","max-snippet":"max-snippet:-1","max-image-preview":"max-image-preview:large","max-video-preview":"max-video-preview:-1"},"canonical":"https:\/\/www.cesyt.es\/index.php\/2020\/01\/01\/proyecto-plan-de-ecologizacion-de-zaragoza\/","og_locale":"es_ES","og_type":"article","og_title":"PROYECTO: Plan de Ecologizaci\u00f3n de Zaragoza","og_description":"PROYECTO: Plan de Ecologizaci\u00f3n de ZaragozaAyuntamiento de ZaragozaLos Planes de Ecologizaci\u00f3n se establecen en la Estrategia de la Uni\u00f3n Europea de Biodiversidad de aqu\u00ed a 2030. En ella, se hace un llamamiento a las ciudades de m\u00e1s de 20.000 habitantes para que redacten planes que incluyan medidas para crear bosques urbanos, parques y jardines accesibles [&hellip;]","og_url":"https:\/\/www.cesyt.es\/index.php\/2020\/01\/01\/proyecto-plan-de-ecologizacion-de-zaragoza\/","og_site_name":"CESYT","article_published_time":"2020-01-01T10:49:53+00:00","article_modified_time":"2021-10-26T23:11:54+00:00","og_image":[{"width":640,"height":379,"url":"https:\/\/www.cesyt.es\/wp-content\/uploads\/2020\/01\/saragossa-426375_640.jpg","type":"image\/jpeg"}],"author":"Laura Mu\u00f1oz","twitter_card":"summary_large_image","twitter_misc":{"Escrito por":"Laura Mu\u00f1oz","Tiempo de lectura":"3 minutos"},"schema":{"@context":"https:\/\/schema.org","@graph":[{"@type":"Article","@id":"https:\/\/www.cesyt.es\/index.php\/2020\/01\/01\/proyecto-plan-de-ecologizacion-de-zaragoza\/#article","isPartOf":{"@id":"https:\/\/www.cesyt.es\/index.php\/2020\/01\/01\/proyecto-plan-de-ecologizacion-de-zaragoza\/"},"author":{"name":"Laura Mu\u00f1oz","@id":"https:\/\/www.cesyt.es\/#\/schema\/person\/e10a597a2a5d21ddd24a12a8344f20d7"},"headline":"PROYECTO: Plan de Ecologizaci\u00f3n de Zaragoza","datePublished":"2020-01-01T10:49:53+00:00","dateModified":"2021-10-26T23:11:54+00:00","mainEntityOfPage":{"@id":"https:\/\/www.cesyt.es\/index.php\/2020\/01\/01\/proyecto-plan-de-ecologizacion-de-zaragoza\/"},"wordCount":542,"publisher":{"@id":"https:\/\/www.cesyt.es\/#organization"},"image":{"@id":"https:\/\/www.cesyt.es\/index.php\/2020\/01\/01\/proyecto-plan-de-ecologizacion-de-zaragoza\/#primaryimage"},"thumbnailUrl":"https:\/\/www.cesyt.es\/wp-content\/uploads\/2020\/01\/saragossa-426375_640.jpg","articleSection":["Planes de Ecologizaci\u00f3n"],"inLanguage":"es"},{"@type":"WebPage","@id":"https:\/\/www.cesyt.es\/index.php\/2020\/01\/01\/proyecto-plan-de-ecologizacion-de-zaragoza\/","url":"https:\/\/www.cesyt.es\/index.php\/2020\/01\/01\/proyecto-plan-de-ecologizacion-de-zaragoza\/","name":"PROYECTO: Plan de Ecologizaci\u00f3n de Zaragoza","isPartOf":{"@id":"https:\/\/www.cesyt.es\/#website"},"primaryImageOfPage":{"@id":"https:\/\/www.cesyt.es\/index.php\/2020\/01\/01\/proyecto-plan-de-ecologizacion-de-zaragoza\/#primaryimage"},"image":{"@id":"https:\/\/www.cesyt.es\/index.php\/2020\/01\/01\/proyecto-plan-de-ecologizacion-de-zaragoza\/#primaryimage"},"thumbnailUrl":"https:\/\/www.cesyt.es\/wp-content\/uploads\/2020\/01\/saragossa-426375_640.jpg","datePublished":"2020-01-01T10:49:53+00:00","dateModified":"2021-10-26T23:11:54+00:00","breadcrumb":{"@id":"https:\/\/www.cesyt.es\/index.php\/2020\/01\/01\/proyecto-plan-de-ecologizacion-de-zaragoza\/#breadcrumb"},"inLanguage":"es","potentialAction":[{"@type":"ReadAction","target":["https:\/\/www.cesyt.es\/index.php\/2020\/01\/01\/proyecto-plan-de-ecologizacion-de-zaragoza\/"]}]},{"@type":"ImageObject","inLanguage":"es","@id":"https:\/\/www.cesyt.es\/index.php\/2020\/01\/01\/proyecto-plan-de-ecologizacion-de-zaragoza\/#primaryimage","url":"https:\/\/www.cesyt.es\/wp-content\/uploads\/2020\/01\/saragossa-426375_640.jpg","contentUrl":"https:\/\/www.cesyt.es\/wp-content\/uploads\/2020\/01\/saragossa-426375_640.jpg","width":640,"height":379},{"@type":"BreadcrumbList","@id":"https:\/\/www.cesyt.es\/index.php\/2020\/01\/01\/proyecto-plan-de-ecologizacion-de-zaragoza\/#breadcrumb","itemListElement":[{"@type":"ListItem","position":1,"name":"Portada","item":"https:\/\/www.cesyt.es\/"},{"@type":"ListItem","position":2,"name":"PROYECTO: Plan de Ecologizaci\u00f3n de Zaragoza"}]},{"@type":"WebSite","@id":"https:\/\/www.cesyt.es\/#website","url":"https:\/\/www.cesyt.es\/","name":"CESYT - Salud Urbana","description":"Salud Urbana","publisher":{"@id":"https:\/\/www.cesyt.es\/#organization"},"potentialAction":[{"@type":"SearchAction","target":{"@type":"EntryPoint","urlTemplate":"https:\/\/www.cesyt.es\/?s={search_term_string}"},"query-input":{"@type":"PropertyValueSpecification","valueRequired":true,"valueName":"search_term_string"}}],"inLanguage":"es"},{"@type":"Organization","@id":"https:\/\/www.cesyt.es\/#organization","name":"CESYT - Salud urbana","url":"https:\/\/www.cesyt.es\/","logo":{"@type":"ImageObject","inLanguage":"es","@id":"https:\/\/www.cesyt.es\/#\/schema\/logo\/image\/","url":"https:\/\/cesyt.es\/wp-content\/uploads\/2021\/07\/Positivo-SC.png","contentUrl":"https:\/\/cesyt.es\/wp-content\/uploads\/2021\/07\/Positivo-SC.png","width":2008,"height":1654,"caption":"CESYT - Salud urbana"},"image":{"@id":"https:\/\/www.cesyt.es\/#\/schema\/logo\/image\/"}},{"@type":"Person","@id":"https:\/\/www.cesyt.es\/#\/schema\/person\/e10a597a2a5d21ddd24a12a8344f20d7","name":"Laura Mu\u00f1oz","image":{"@type":"ImageObject","inLanguage":"es","@id":"https:\/\/www.cesyt.es\/#\/schema\/person\/image\/","url":"https:\/\/secure.gravatar.com\/avatar\/931cb56fb3d87516aade4c48218b5dda3d554018a6167805ec899c84be6d9e0a?s=96&d=mm&r=g","contentUrl":"https:\/\/secure.gravatar.com\/avatar\/931cb56fb3d87516aade4c48218b5dda3d554018a6167805ec899c84be6d9e0a?s=96&d=mm&r=g","caption":"Laura Mu\u00f1oz"},"sameAs":["https:\/\/tlcsistemas.com\/"]}]}},"_links":{"self":[{"href":"https:\/\/www.cesyt.es\/index.php\/wp-json\/wp\/v2\/posts\/632","targetHints":{"allow":["GET"]}}],"collection":[{"href":"https:\/\/www.cesyt.es\/index.php\/wp-json\/wp\/v2\/posts"}],"about":[{"href":"https:\/\/www.cesyt.es\/index.php\/wp-json\/wp\/v2\/types\/post"}],"author":[{"embeddable":true,"href":"https:\/\/www.cesyt.es\/index.php\/wp-json\/wp\/v2\/users\/2"}],"replies":[{"embeddable":true,"href":"https:\/\/www.cesyt.es\/index.php\/wp-json\/wp\/v2\/comments?post=632"}],"version-history":[{"count":6,"href":"https:\/\/www.cesyt.es\/index.php\/wp-json\/wp\/v2\/posts\/632\/revisions"}],"predecessor-version":[{"id":2608,"href":"https:\/\/www.cesyt.es\/index.php\/wp-json\/wp\/v2\/posts\/632\/revisions\/2608"}],"wp:featuredmedia":[{"embeddable":true,"href":"https:\/\/www.cesyt.es\/index.php\/wp-json\/wp\/v2\/media\/2607"}],"wp:attachment":[{"href":"https:\/\/www.cesyt.es\/index.php\/wp-json\/wp\/v2\/media?parent=632"}],"wp:term":[{"taxonomy":"category","embeddable":true,"href":"https:\/\/www.cesyt.es\/index.php\/wp-json\/wp\/v2\/categories?post=632"},{"taxonomy":"post_tag","embeddable":true,"href":"https:\/\/www.cesyt.es\/index.php\/wp-json\/wp\/v2\/tags?post=632"}],"curies":[{"name":"wp","href":"https:\/\/api.w.org\/{rel}","templated":true}]}}