{"id":492,"date":"2020-01-01T12:49:53","date_gmt":"2020-01-01T10:49:53","guid":{"rendered":"https:\/\/cesyt.nexus5.com\/?p=492"},"modified":"2021-09-30T12:18:13","modified_gmt":"2021-09-30T10:18:13","slug":"proyecto-plan-director-energetico-y-calculo-de-la-huella-de-carbono-de-sant-julia-de-loria-andorra","status":"publish","type":"post","link":"https:\/\/www.cesyt.es\/index.php\/2020\/01\/01\/proyecto-plan-director-energetico-y-calculo-de-la-huella-de-carbono-de-sant-julia-de-loria-andorra\/","title":{"rendered":"PROYECTO: Plan Director energ\u00e9tico y c\u00e1lculo de la huella de carbono de Sant Juli\u00e1 de Loria (Andorra)"},"content":{"rendered":"<p>[et_pb_section fb_built=\u00bb1&#8243; _builder_version=\u00bb4.9.11&#8243; _module_preset=\u00bbdefault\u00bb custom_padding=\u00bb18px||14px|||\u00bb da_disable_devices=\u00bboff|off|off\u00bb global_colors_info=\u00bb{}\u00bb da_is_popup=\u00bboff\u00bb da_exit_intent=\u00bboff\u00bb da_has_close=\u00bbon\u00bb da_alt_close=\u00bboff\u00bb da_dark_close=\u00bboff\u00bb da_not_modal=\u00bbon\u00bb da_is_singular=\u00bboff\u00bb da_with_loader=\u00bboff\u00bb da_has_shadow=\u00bbon\u00bb][et_pb_row _builder_version=\u00bb4.10.6&#8243; _module_preset=\u00bbdefault\u00bb custom_padding=\u00bb||40px|||\u00bb global_colors_info=\u00bb{}\u00bb locked=\u00bboff\u00bb][et_pb_column type=\u00bb4_4&#8243; _builder_version=\u00bb4.10.6&#8243; _module_preset=\u00bbdefault\u00bb global_colors_info=\u00bb{}\u00bb][et_pb_text _builder_version=\u00bb4.10.6&#8243; _module_preset=\u00bbdefault\u00bb text_font=\u00bbABeeZee|||on|||||\u00bb text_font_size=\u00bb29px\u00bb text_line_height=\u00bb1.8em\u00bb text_orientation=\u00bbcenter\u00bb hover_enabled=\u00bb0&#8243; global_colors_info=\u00bb{}\u00bb sticky_enabled=\u00bb0&#8243;]<\/p>\n<p>PROYECTO: Plan Director energ\u00e9tico y c\u00e1lculo de la huella de carbono de Sant Juli\u00e1 de Loria (Andorra)<\/p>\n<p>[\/et_pb_text][\/et_pb_column][\/et_pb_row][et_pb_row column_structure=\u00bb1_2,1_2&#8243; _builder_version=\u00bb4.9.7&#8243; _module_preset=\u00bbdefault\u00bb custom_margin=\u00bb1px|auto|19px|auto||\u00bb custom_padding=\u00bb12px|||||\u00bb locked=\u00bboff\u00bb global_colors_info=\u00bb{}\u00bb][et_pb_column type=\u00bb1_2&#8243; _builder_version=\u00bb4.9.7&#8243; _module_preset=\u00bbdefault\u00bb global_colors_info=\u00bb{}\u00bb][et_pb_blurb title=\u00bbCliente\u00bb use_icon=\u00bbon\u00bb font_icon=\u00bb%%258%%\u00bb icon_color=\u00bb#c9c9c9&#8243; icon_placement=\u00bbleft\u00bb _builder_version=\u00bb4.9.7&#8243; _module_preset=\u00bbdefault\u00bb header_font=\u00bb|||on|||||\u00bb header_line_height=\u00bb1.9em\u00bb body_text_align=\u00bbjustify\u00bb body_font_size=\u00bb15px\u00bb body_line_height=\u00bb1.9em\u00bb global_colors_info=\u00bb{}\u00bb]Bomosa[\/et_pb_blurb][et_pb_gallery gallery_ids=\u00bb409,408&#8243; fullwidth=\u00bbon\u00bb _builder_version=\u00bb4.9.11&#8243; _module_preset=\u00bbdefault\u00bb box_shadow_style=\u00bbpreset4&#8243; global_colors_info=\u00bb{}\u00bb][\/et_pb_gallery][\/et_pb_column][et_pb_column type=\u00bb1_2&#8243; _builder_version=\u00bb4.9.7&#8243; _module_preset=\u00bbdefault\u00bb global_colors_info=\u00bb{}\u00bb][et_pb_blurb title=\u00bbObjetivo de los trabajos\u00bb use_icon=\u00bbon\u00bb font_icon=\u00bb%%103%%\u00bb icon_color=\u00bb#c9c9c9&#8243; icon_placement=\u00bbleft\u00bb _builder_version=\u00bb4.9.7&#8243; _module_preset=\u00bbdefault\u00bb header_font=\u00bb|||on|||||\u00bb header_line_height=\u00bb1.9em\u00bb body_text_align=\u00bbjustify\u00bb body_font_size=\u00bb15px\u00bb body_line_height=\u00bb1.9em\u00bb global_colors_info=\u00bb{}\u00bb]El objeto de los trabajos es desarrollar la primera fase del Plan Director Energ\u00e9tico de la Parroquia de Sant Julia de Loria, analizando el estado actual de los centros consumidores de energ\u00eda as\u00ed como las emisiones de GEI m\u00e1s relevantes, con el fin de conseguir un municipio m\u00e1s sostenible y bajo en carbono.[\/et_pb_blurb][et_pb_blurb title=\u00bbDescripci\u00f3n de los trabajos\u00bb use_icon=\u00bbon\u00bb font_icon=\u00bb%%72%%\u00bb icon_color=\u00bb#c9c9c9&#8243; icon_placement=\u00bbleft\u00bb _builder_version=\u00bb4.9.7&#8243; _module_preset=\u00bbdefault\u00bb header_font=\u00bb|||on|||||\u00bb header_line_height=\u00bb1.9em\u00bb body_text_align=\u00bbjustify\u00bb body_font_size=\u00bb15px\u00bb body_line_height=\u00bb1.9em\u00bb global_colors_info=\u00bb{}\u00bb]1. Identificaci\u00f3n de los centros p\u00fablicos consumidores de energ\u00eda: edificios p\u00fablicos, iluminaci\u00f3n exterior, movilidad urbana, otras infraestructuras, planeamiento urban\u00edstico y usos del suelo.<\/p>\n<p>2. C\u00e1lculo de la huella de carbono y elaboraci\u00f3n del informe: para el ejercicio 2018, y con los Alcances 1 y 2 de la metodolog\u00eda GHG Protocol.<\/p>\n<p>3. Plan de reducci\u00f3n: propuestas de mejora y definici\u00f3n de estudios espec\u00edficos a acometer en la futura estrategia energ\u00e9tica del Com\u00fa de Sant Julia de Loria.[\/et_pb_blurb][\/et_pb_column][\/et_pb_row][\/et_pb_section]<\/p>\n","protected":false},"excerpt":{"rendered":"<p>PROYECTO: Plan Director energ\u00e9tico y c\u00e1lculo de la huella de carbono de Sant Juli\u00e1 de Loria (Andorra)BomosaEl objeto de los trabajos es desarrollar la primera fase del Plan Director Energ\u00e9tico de la Parroquia de Sant Julia de Loria, analizando el estado actual de los centros consumidores de energ\u00eda as\u00ed como las emisiones de GEI m\u00e1s [&hellip;]<\/p>\n","protected":false},"author":2,"featured_media":409,"comment_status":"closed","ping_status":"closed","sticky":false,"template":"","format":"standard","meta":{"_et_pb_use_builder":"on","_et_pb_old_content":"<!-- wp:paragraph -->\n<p>Bienvenido a WordPress. Esta es tu primera entrada. Ed\u00edtala o b\u00f3rrala, \u00a1luego empieza a escribir!<\/p>\n<!-- \/wp:paragraph -->","_et_gb_content_width":"2880","footnotes":""},"categories":[7],"tags":[],"class_list":["post-492","post","type-post","status-publish","format-standard","has-post-thumbnail","hentry","category-estudio-huella-carbono"],"yoast_head":"<!-- This site is optimized with the Yoast SEO plugin v27.1.1 - https:\/\/yoast.com\/product\/yoast-seo-wordpress\/ -->\n<title>PROYECTO: Plan Director energ\u00e9tico y c\u00e1lculo de la huella de carbono de Sant Juli\u00e1 de Loria (Andorra)<\/title>\n<meta name=\"robots\" content=\"index, follow, max-snippet:-1, max-image-preview:large, max-video-preview:-1\" \/>\n<link rel=\"canonical\" href=\"https:\/\/www.cesyt.es\/index.php\/2020\/01\/01\/proyecto-plan-director-energetico-y-calculo-de-la-huella-de-carbono-de-sant-julia-de-loria-andorra\/\" \/>\n<meta property=\"og:locale\" content=\"es_ES\" \/>\n<meta property=\"og:type\" content=\"article\" \/>\n<meta property=\"og:title\" content=\"PROYECTO: Plan Director energ\u00e9tico y c\u00e1lculo de la huella de carbono de Sant Juli\u00e1 de Loria (Andorra)\" \/>\n<meta property=\"og:description\" content=\"PROYECTO: Plan Director energ\u00e9tico y c\u00e1lculo de la huella de carbono de Sant Juli\u00e1 de Loria (Andorra)BomosaEl objeto de los trabajos es desarrollar la primera fase del Plan Director Energ\u00e9tico de la Parroquia de Sant Julia de Loria, analizando el estado actual de los centros consumidores de energ\u00eda as\u00ed como las emisiones de GEI m\u00e1s [&hellip;]\" \/>\n<meta property=\"og:url\" content=\"https:\/\/www.cesyt.es\/index.php\/2020\/01\/01\/proyecto-plan-director-energetico-y-calculo-de-la-huella-de-carbono-de-sant-julia-de-loria-andorra\/\" \/>\n<meta property=\"og:site_name\" content=\"CESYT\" \/>\n<meta property=\"article:published_time\" content=\"2020-01-01T10:49:53+00:00\" \/>\n<meta property=\"article:modified_time\" content=\"2021-09-30T10:18:13+00:00\" \/>\n<meta property=\"og:image\" content=\"https:\/\/www.cesyt.es\/wp-content\/uploads\/2021\/09\/PROYECTOS-2.jpg\" \/>\n\t<meta property=\"og:image:width\" content=\"610\" \/>\n\t<meta property=\"og:image:height\" content=\"408\" \/>\n\t<meta property=\"og:image:type\" content=\"image\/jpeg\" \/>\n<meta name=\"author\" content=\"Laura Mu\u00f1oz\" \/>\n<meta name=\"twitter:card\" content=\"summary_large_image\" \/>\n<meta name=\"twitter:label1\" content=\"Escrito por\" \/>\n\t<meta name=\"twitter:data1\" content=\"Laura Mu\u00f1oz\" \/>\n\t<meta name=\"twitter:label2\" content=\"Tiempo de lectura\" \/>\n\t<meta name=\"twitter:data2\" content=\"3 minutos\" \/>\n<script type=\"application\/ld+json\" class=\"yoast-schema-graph\">{\"@context\":\"https:\/\/schema.org\",\"@graph\":[{\"@type\":\"Article\",\"@id\":\"https:\/\/www.cesyt.es\/index.php\/2020\/01\/01\/proyecto-plan-director-energetico-y-calculo-de-la-huella-de-carbono-de-sant-julia-de-loria-andorra\/#article\",\"isPartOf\":{\"@id\":\"https:\/\/www.cesyt.es\/index.php\/2020\/01\/01\/proyecto-plan-director-energetico-y-calculo-de-la-huella-de-carbono-de-sant-julia-de-loria-andorra\/\"},\"author\":{\"name\":\"Laura Mu\u00f1oz\",\"@id\":\"https:\/\/www.cesyt.es\/#\/schema\/person\/e10a597a2a5d21ddd24a12a8344f20d7\"},\"headline\":\"PROYECTO: Plan Director energ\u00e9tico y c\u00e1lculo de la huella de carbono de Sant Juli\u00e1 de Loria (Andorra)\",\"datePublished\":\"2020-01-01T10:49:53+00:00\",\"dateModified\":\"2021-09-30T10:18:13+00:00\",\"mainEntityOfPage\":{\"@id\":\"https:\/\/www.cesyt.es\/index.php\/2020\/01\/01\/proyecto-plan-director-energetico-y-calculo-de-la-huella-de-carbono-de-sant-julia-de-loria-andorra\/\"},\"wordCount\":538,\"publisher\":{\"@id\":\"https:\/\/www.cesyt.es\/#organization\"},\"image\":{\"@id\":\"https:\/\/www.cesyt.es\/index.php\/2020\/01\/01\/proyecto-plan-director-energetico-y-calculo-de-la-huella-de-carbono-de-sant-julia-de-loria-andorra\/#primaryimage\"},\"thumbnailUrl\":\"https:\/\/www.cesyt.es\/wp-content\/uploads\/2021\/09\/PROYECTOS-2.jpg\",\"articleSection\":[\"Estudio huella carbono\"],\"inLanguage\":\"es\"},{\"@type\":\"WebPage\",\"@id\":\"https:\/\/www.cesyt.es\/index.php\/2020\/01\/01\/proyecto-plan-director-energetico-y-calculo-de-la-huella-de-carbono-de-sant-julia-de-loria-andorra\/\",\"url\":\"https:\/\/www.cesyt.es\/index.php\/2020\/01\/01\/proyecto-plan-director-energetico-y-calculo-de-la-huella-de-carbono-de-sant-julia-de-loria-andorra\/\",\"name\":\"PROYECTO: Plan Director energ\u00e9tico y c\u00e1lculo de la huella de carbono de Sant Juli\u00e1 de Loria (Andorra)\",\"isPartOf\":{\"@id\":\"https:\/\/www.cesyt.es\/#website\"},\"primaryImageOfPage\":{\"@id\":\"https:\/\/www.cesyt.es\/index.php\/2020\/01\/01\/proyecto-plan-director-energetico-y-calculo-de-la-huella-de-carbono-de-sant-julia-de-loria-andorra\/#primaryimage\"},\"image\":{\"@id\":\"https:\/\/www.cesyt.es\/index.php\/2020\/01\/01\/proyecto-plan-director-energetico-y-calculo-de-la-huella-de-carbono-de-sant-julia-de-loria-andorra\/#primaryimage\"},\"thumbnailUrl\":\"https:\/\/www.cesyt.es\/wp-content\/uploads\/2021\/09\/PROYECTOS-2.jpg\",\"datePublished\":\"2020-01-01T10:49:53+00:00\",\"dateModified\":\"2021-09-30T10:18:13+00:00\",\"breadcrumb\":{\"@id\":\"https:\/\/www.cesyt.es\/index.php\/2020\/01\/01\/proyecto-plan-director-energetico-y-calculo-de-la-huella-de-carbono-de-sant-julia-de-loria-andorra\/#breadcrumb\"},\"inLanguage\":\"es\",\"potentialAction\":[{\"@type\":\"ReadAction\",\"target\":[\"https:\/\/www.cesyt.es\/index.php\/2020\/01\/01\/proyecto-plan-director-energetico-y-calculo-de-la-huella-de-carbono-de-sant-julia-de-loria-andorra\/\"]}]},{\"@type\":\"ImageObject\",\"inLanguage\":\"es\",\"@id\":\"https:\/\/www.cesyt.es\/index.php\/2020\/01\/01\/proyecto-plan-director-energetico-y-calculo-de-la-huella-de-carbono-de-sant-julia-de-loria-andorra\/#primaryimage\",\"url\":\"https:\/\/www.cesyt.es\/wp-content\/uploads\/2021\/09\/PROYECTOS-2.jpg\",\"contentUrl\":\"https:\/\/www.cesyt.es\/wp-content\/uploads\/2021\/09\/PROYECTOS-2.jpg\",\"width\":610,\"height\":408},{\"@type\":\"BreadcrumbList\",\"@id\":\"https:\/\/www.cesyt.es\/index.php\/2020\/01\/01\/proyecto-plan-director-energetico-y-calculo-de-la-huella-de-carbono-de-sant-julia-de-loria-andorra\/#breadcrumb\",\"itemListElement\":[{\"@type\":\"ListItem\",\"position\":1,\"name\":\"Portada\",\"item\":\"https:\/\/www.cesyt.es\/\"},{\"@type\":\"ListItem\",\"position\":2,\"name\":\"PROYECTO: Plan Director energ\u00e9tico y c\u00e1lculo de la huella de carbono de Sant Juli\u00e1 de Loria (Andorra)\"}]},{\"@type\":\"WebSite\",\"@id\":\"https:\/\/www.cesyt.es\/#website\",\"url\":\"https:\/\/www.cesyt.es\/\",\"name\":\"CESYT - Salud Urbana\",\"description\":\"Salud Urbana\",\"publisher\":{\"@id\":\"https:\/\/www.cesyt.es\/#organization\"},\"potentialAction\":[{\"@type\":\"SearchAction\",\"target\":{\"@type\":\"EntryPoint\",\"urlTemplate\":\"https:\/\/www.cesyt.es\/?s={search_term_string}\"},\"query-input\":{\"@type\":\"PropertyValueSpecification\",\"valueRequired\":true,\"valueName\":\"search_term_string\"}}],\"inLanguage\":\"es\"},{\"@type\":\"Organization\",\"@id\":\"https:\/\/www.cesyt.es\/#organization\",\"name\":\"CESYT - Salud urbana\",\"url\":\"https:\/\/www.cesyt.es\/\",\"logo\":{\"@type\":\"ImageObject\",\"inLanguage\":\"es\",\"@id\":\"https:\/\/www.cesyt.es\/#\/schema\/logo\/image\/\",\"url\":\"https:\/\/cesyt.es\/wp-content\/uploads\/2021\/07\/Positivo-SC.png\",\"contentUrl\":\"https:\/\/cesyt.es\/wp-content\/uploads\/2021\/07\/Positivo-SC.png\",\"width\":2008,\"height\":1654,\"caption\":\"CESYT - Salud urbana\"},\"image\":{\"@id\":\"https:\/\/www.cesyt.es\/#\/schema\/logo\/image\/\"}},{\"@type\":\"Person\",\"@id\":\"https:\/\/www.cesyt.es\/#\/schema\/person\/e10a597a2a5d21ddd24a12a8344f20d7\",\"name\":\"Laura Mu\u00f1oz\",\"image\":{\"@type\":\"ImageObject\",\"inLanguage\":\"es\",\"@id\":\"https:\/\/www.cesyt.es\/#\/schema\/person\/image\/\",\"url\":\"https:\/\/secure.gravatar.com\/avatar\/931cb56fb3d87516aade4c48218b5dda3d554018a6167805ec899c84be6d9e0a?s=96&d=mm&r=g\",\"contentUrl\":\"https:\/\/secure.gravatar.com\/avatar\/931cb56fb3d87516aade4c48218b5dda3d554018a6167805ec899c84be6d9e0a?s=96&d=mm&r=g\",\"caption\":\"Laura Mu\u00f1oz\"},\"sameAs\":[\"https:\/\/tlcsistemas.com\/\"]}]}<\/script>\n<!-- \/ Yoast SEO plugin. -->","yoast_head_json":{"title":"PROYECTO: Plan Director energ\u00e9tico y c\u00e1lculo de la huella de carbono de Sant Juli\u00e1 de Loria (Andorra)","robots":{"index":"index","follow":"follow","max-snippet":"max-snippet:-1","max-image-preview":"max-image-preview:large","max-video-preview":"max-video-preview:-1"},"canonical":"https:\/\/www.cesyt.es\/index.php\/2020\/01\/01\/proyecto-plan-director-energetico-y-calculo-de-la-huella-de-carbono-de-sant-julia-de-loria-andorra\/","og_locale":"es_ES","og_type":"article","og_title":"PROYECTO: Plan Director energ\u00e9tico y c\u00e1lculo de la huella de carbono de Sant Juli\u00e1 de Loria (Andorra)","og_description":"PROYECTO: Plan Director energ\u00e9tico y c\u00e1lculo de la huella de carbono de Sant Juli\u00e1 de Loria (Andorra)BomosaEl objeto de los trabajos es desarrollar la primera fase del Plan Director Energ\u00e9tico de la Parroquia de Sant Julia de Loria, analizando el estado actual de los centros consumidores de energ\u00eda as\u00ed como las emisiones de GEI m\u00e1s [&hellip;]","og_url":"https:\/\/www.cesyt.es\/index.php\/2020\/01\/01\/proyecto-plan-director-energetico-y-calculo-de-la-huella-de-carbono-de-sant-julia-de-loria-andorra\/","og_site_name":"CESYT","article_published_time":"2020-01-01T10:49:53+00:00","article_modified_time":"2021-09-30T10:18:13+00:00","og_image":[{"width":610,"height":408,"url":"https:\/\/www.cesyt.es\/wp-content\/uploads\/2021\/09\/PROYECTOS-2.jpg","type":"image\/jpeg"}],"author":"Laura Mu\u00f1oz","twitter_card":"summary_large_image","twitter_misc":{"Escrito por":"Laura Mu\u00f1oz","Tiempo de lectura":"3 minutos"},"schema":{"@context":"https:\/\/schema.org","@graph":[{"@type":"Article","@id":"https:\/\/www.cesyt.es\/index.php\/2020\/01\/01\/proyecto-plan-director-energetico-y-calculo-de-la-huella-de-carbono-de-sant-julia-de-loria-andorra\/#article","isPartOf":{"@id":"https:\/\/www.cesyt.es\/index.php\/2020\/01\/01\/proyecto-plan-director-energetico-y-calculo-de-la-huella-de-carbono-de-sant-julia-de-loria-andorra\/"},"author":{"name":"Laura Mu\u00f1oz","@id":"https:\/\/www.cesyt.es\/#\/schema\/person\/e10a597a2a5d21ddd24a12a8344f20d7"},"headline":"PROYECTO: Plan Director energ\u00e9tico y c\u00e1lculo de la huella de carbono de Sant Juli\u00e1 de Loria (Andorra)","datePublished":"2020-01-01T10:49:53+00:00","dateModified":"2021-09-30T10:18:13+00:00","mainEntityOfPage":{"@id":"https:\/\/www.cesyt.es\/index.php\/2020\/01\/01\/proyecto-plan-director-energetico-y-calculo-de-la-huella-de-carbono-de-sant-julia-de-loria-andorra\/"},"wordCount":538,"publisher":{"@id":"https:\/\/www.cesyt.es\/#organization"},"image":{"@id":"https:\/\/www.cesyt.es\/index.php\/2020\/01\/01\/proyecto-plan-director-energetico-y-calculo-de-la-huella-de-carbono-de-sant-julia-de-loria-andorra\/#primaryimage"},"thumbnailUrl":"https:\/\/www.cesyt.es\/wp-content\/uploads\/2021\/09\/PROYECTOS-2.jpg","articleSection":["Estudio huella carbono"],"inLanguage":"es"},{"@type":"WebPage","@id":"https:\/\/www.cesyt.es\/index.php\/2020\/01\/01\/proyecto-plan-director-energetico-y-calculo-de-la-huella-de-carbono-de-sant-julia-de-loria-andorra\/","url":"https:\/\/www.cesyt.es\/index.php\/2020\/01\/01\/proyecto-plan-director-energetico-y-calculo-de-la-huella-de-carbono-de-sant-julia-de-loria-andorra\/","name":"PROYECTO: Plan Director energ\u00e9tico y c\u00e1lculo de la huella de carbono de Sant Juli\u00e1 de Loria (Andorra)","isPartOf":{"@id":"https:\/\/www.cesyt.es\/#website"},"primaryImageOfPage":{"@id":"https:\/\/www.cesyt.es\/index.php\/2020\/01\/01\/proyecto-plan-director-energetico-y-calculo-de-la-huella-de-carbono-de-sant-julia-de-loria-andorra\/#primaryimage"},"image":{"@id":"https:\/\/www.cesyt.es\/index.php\/2020\/01\/01\/proyecto-plan-director-energetico-y-calculo-de-la-huella-de-carbono-de-sant-julia-de-loria-andorra\/#primaryimage"},"thumbnailUrl":"https:\/\/www.cesyt.es\/wp-content\/uploads\/2021\/09\/PROYECTOS-2.jpg","datePublished":"2020-01-01T10:49:53+00:00","dateModified":"2021-09-30T10:18:13+00:00","breadcrumb":{"@id":"https:\/\/www.cesyt.es\/index.php\/2020\/01\/01\/proyecto-plan-director-energetico-y-calculo-de-la-huella-de-carbono-de-sant-julia-de-loria-andorra\/#breadcrumb"},"inLanguage":"es","potentialAction":[{"@type":"ReadAction","target":["https:\/\/www.cesyt.es\/index.php\/2020\/01\/01\/proyecto-plan-director-energetico-y-calculo-de-la-huella-de-carbono-de-sant-julia-de-loria-andorra\/"]}]},{"@type":"ImageObject","inLanguage":"es","@id":"https:\/\/www.cesyt.es\/index.php\/2020\/01\/01\/proyecto-plan-director-energetico-y-calculo-de-la-huella-de-carbono-de-sant-julia-de-loria-andorra\/#primaryimage","url":"https:\/\/www.cesyt.es\/wp-content\/uploads\/2021\/09\/PROYECTOS-2.jpg","contentUrl":"https:\/\/www.cesyt.es\/wp-content\/uploads\/2021\/09\/PROYECTOS-2.jpg","width":610,"height":408},{"@type":"BreadcrumbList","@id":"https:\/\/www.cesyt.es\/index.php\/2020\/01\/01\/proyecto-plan-director-energetico-y-calculo-de-la-huella-de-carbono-de-sant-julia-de-loria-andorra\/#breadcrumb","itemListElement":[{"@type":"ListItem","position":1,"name":"Portada","item":"https:\/\/www.cesyt.es\/"},{"@type":"ListItem","position":2,"name":"PROYECTO: Plan Director energ\u00e9tico y c\u00e1lculo de la huella de carbono de Sant Juli\u00e1 de Loria (Andorra)"}]},{"@type":"WebSite","@id":"https:\/\/www.cesyt.es\/#website","url":"https:\/\/www.cesyt.es\/","name":"CESYT - Salud Urbana","description":"Salud Urbana","publisher":{"@id":"https:\/\/www.cesyt.es\/#organization"},"potentialAction":[{"@type":"SearchAction","target":{"@type":"EntryPoint","urlTemplate":"https:\/\/www.cesyt.es\/?s={search_term_string}"},"query-input":{"@type":"PropertyValueSpecification","valueRequired":true,"valueName":"search_term_string"}}],"inLanguage":"es"},{"@type":"Organization","@id":"https:\/\/www.cesyt.es\/#organization","name":"CESYT - Salud urbana","url":"https:\/\/www.cesyt.es\/","logo":{"@type":"ImageObject","inLanguage":"es","@id":"https:\/\/www.cesyt.es\/#\/schema\/logo\/image\/","url":"https:\/\/cesyt.es\/wp-content\/uploads\/2021\/07\/Positivo-SC.png","contentUrl":"https:\/\/cesyt.es\/wp-content\/uploads\/2021\/07\/Positivo-SC.png","width":2008,"height":1654,"caption":"CESYT - Salud urbana"},"image":{"@id":"https:\/\/www.cesyt.es\/#\/schema\/logo\/image\/"}},{"@type":"Person","@id":"https:\/\/www.cesyt.es\/#\/schema\/person\/e10a597a2a5d21ddd24a12a8344f20d7","name":"Laura Mu\u00f1oz","image":{"@type":"ImageObject","inLanguage":"es","@id":"https:\/\/www.cesyt.es\/#\/schema\/person\/image\/","url":"https:\/\/secure.gravatar.com\/avatar\/931cb56fb3d87516aade4c48218b5dda3d554018a6167805ec899c84be6d9e0a?s=96&d=mm&r=g","contentUrl":"https:\/\/secure.gravatar.com\/avatar\/931cb56fb3d87516aade4c48218b5dda3d554018a6167805ec899c84be6d9e0a?s=96&d=mm&r=g","caption":"Laura Mu\u00f1oz"},"sameAs":["https:\/\/tlcsistemas.com\/"]}]}},"_links":{"self":[{"href":"https:\/\/www.cesyt.es\/index.php\/wp-json\/wp\/v2\/posts\/492","targetHints":{"allow":["GET"]}}],"collection":[{"href":"https:\/\/www.cesyt.es\/index.php\/wp-json\/wp\/v2\/posts"}],"about":[{"href":"https:\/\/www.cesyt.es\/index.php\/wp-json\/wp\/v2\/types\/post"}],"author":[{"embeddable":true,"href":"https:\/\/www.cesyt.es\/index.php\/wp-json\/wp\/v2\/users\/2"}],"replies":[{"embeddable":true,"href":"https:\/\/www.cesyt.es\/index.php\/wp-json\/wp\/v2\/comments?post=492"}],"version-history":[{"count":4,"href":"https:\/\/www.cesyt.es\/index.php\/wp-json\/wp\/v2\/posts\/492\/revisions"}],"predecessor-version":[{"id":548,"href":"https:\/\/www.cesyt.es\/index.php\/wp-json\/wp\/v2\/posts\/492\/revisions\/548"}],"wp:featuredmedia":[{"embeddable":true,"href":"https:\/\/www.cesyt.es\/index.php\/wp-json\/wp\/v2\/media\/409"}],"wp:attachment":[{"href":"https:\/\/www.cesyt.es\/index.php\/wp-json\/wp\/v2\/media?parent=492"}],"wp:term":[{"taxonomy":"category","embeddable":true,"href":"https:\/\/www.cesyt.es\/index.php\/wp-json\/wp\/v2\/categories?post=492"},{"taxonomy":"post_tag","embeddable":true,"href":"https:\/\/www.cesyt.es\/index.php\/wp-json\/wp\/v2\/tags?post=492"}],"curies":[{"name":"wp","href":"https:\/\/api.w.org\/{rel}","templated":true}]}}